{"id":6175,"date":"2025-03-24T20:36:18","date_gmt":"2025-03-24T20:36:18","guid":{"rendered":"https:\/\/bennorijpkema.nl\/?p=6175"},"modified":"2025-03-24T20:44:50","modified_gmt":"2025-03-24T20:44:50","slug":"persoonlijke-groei-5x4-actieplan","status":"publish","type":"post","link":"https:\/\/bennorijpkema.nl\/genz\/persoonlijke-groei-5x4-actieplan\/","title":{"rendered":"Van idee naar impact: hoe het 5&#215;4 Actieplan jouw persoonlijke groei activeert"},"content":{"rendered":"<p><strong>\u201cIk weet wat ik wil, maar ik doe het niet.\u201d<\/strong><br>Herken je die zin? Misschien heb je een duidelijk idee, een verlangen, een visie zelfs. Maar tussen weten en doen ligt vaak een onzichtbare kloof. Een kloof van uitstel, twijfel of simpelweg:&nbsp;<em>geen tijd<\/em>.<\/p>\n\n\n\n<p>In mijn praktijk voor&nbsp;<strong>persoonlijke coaching<\/strong>&nbsp;hoor ik het vaak. En telkens opnieuw zie ik hoe eenvoudig het kan zijn om w\u00e9l te bewegen. Niet met ingewikkelde stappenplannen, maar met het&nbsp;<strong>5&#215;4 Actieplan<\/strong>&nbsp;\u2013 een praktische en intu\u00eftieve aanpak om van idee naar realisatie te komen. Stap voor stap. Vanuit flow.<\/p>\n\n\n\n<hr class=\"wp-block-separator has-alpha-channel-opacity\"\/>\n\n\n\n<h4 class=\"wp-block-heading\">Wat is het 5&#215;4 Actieplan?<\/h4>\n\n\n\n<p>Het 5&#215;4 Actieplan helpt je om intentie om te zetten in beweging \u2013 in je persoonlijke ontwikkeling, je leiderschap, of je werk. Het is een eenvoudige structuur die zorgt voor momentum \u00e9n rust.<\/p>\n\n\n\n<p><strong>5&#215;4 betekent:<\/strong><\/p>\n\n\n\n<ul class=\"wp-block-list\">\n<li>de eerste&nbsp;<strong>4 uur<\/strong><\/li>\n\n\n\n<li>de eerste&nbsp;<strong>4 dagen<\/strong><\/li>\n\n\n\n<li>de eerste&nbsp;<strong>4 weken<\/strong><\/li>\n\n\n\n<li>de eerste&nbsp;<strong>4 maanden<\/strong><\/li>\n\n\n\n<li>de eerste&nbsp;<strong>4 kwartalen<\/strong><\/li>\n<\/ul>\n\n\n\n<p>Elke fase nodigt je uit om een bewuste, concrete actie te zetten. Geen grootse doelen die je verlammen, maar haalbare stappen die zorgen voor echte&nbsp;<strong>persoonlijke groei<\/strong>.<\/p>\n\n\n\n<blockquote class=\"wp-block-quote is-layout-flow wp-block-quote-is-layout-flow\">\n<p><em>\u201cJe hoeft niet te weten hoe alles afloopt. Je hoeft alleen maar te verschijnen voor de eerste stap.\u201d<\/em><\/p>\n<\/blockquote>\n\n\n\n<figure class=\"wp-block-image size-full\"><img fetchpriority=\"high\" decoding=\"async\" width=\"854\" height=\"530\" src=\"https:\/\/bennorijpkema.nl\/wp-content\/uploads\/2025\/03\/Het-5x4-Actieplan-visual-selection.png\" alt=\"\" class=\"wp-image-6176\" srcset=\"https:\/\/bennorijpkema.nl\/wp-content\/uploads\/2025\/03\/Het-5x4-Actieplan-visual-selection.png 854w, https:\/\/bennorijpkema.nl\/wp-content\/uploads\/2025\/03\/Het-5x4-Actieplan-visual-selection-300x186.png 300w, https:\/\/bennorijpkema.nl\/wp-content\/uploads\/2025\/03\/Het-5x4-Actieplan-visual-selection-18x12.png 18w\" sizes=\"(max-width: 854px) 100vw, 854px\" \/><\/figure>\n\n\n\n<h4 class=\"wp-block-heading\">Leiderschapsontwikkeling begint met jezelf serieus neme<\/h4>\n\n\n\n<p>Als je \u00e9cht verantwoordelijkheid neemt voor jouw rol \u2013 als mens, als leider, als ondernemer \u2013 dan begint dat met \u00e9\u00e9n simpele waarheid:&nbsp;<strong>jij bent de sleutel tot verandering<\/strong>. Niet de omstandigheden. Niet de planning. Jij.<\/p>\n\n\n\n<p><strong>Leiderschapsontwikkeling<\/strong>&nbsp;gaat niet over beter presteren. Het gaat over durven vertragen, voelen wat klopt, en kiezen voor bewuste actie. Precies dat is wat het 5&#215;4 Actieplan ondersteunt.<\/p>\n\n\n\n<h4 class=\"wp-block-heading\">Praktijkvoorbeeld 1: van idee naar uitvoering met persoonlijke coaching<\/h4>\n\n\n\n<p><strong>Liesbeth<\/strong>, een creatief ondernemer, wilde al maanden een online programma starten. Haar hoofd was vol idee\u00ebn, maar in haar agenda stond niks.<\/p>\n\n\n\n<p>Samen gebruikten we het 5&#215;4 Actieplan:<\/p>\n\n\n\n<ul class=\"wp-block-list\">\n<li><strong>4 uur:<\/strong>&nbsp;Ze schreef een eerste outline.<\/li>\n\n\n\n<li><strong>4 dagen:<\/strong>&nbsp;Ze vroeg feedback aan drie mensen die ze vertrouwde.<\/li>\n\n\n\n<li><strong>4 weken:<\/strong>&nbsp;Ze plande wekelijks tijd in om haar materiaal uit te werken.<\/li>\n\n\n\n<li><strong>4 maanden:<\/strong>&nbsp;Ze draaide een pilotgroep.<\/li>\n\n\n\n<li><strong>4 kwartalen:<\/strong>&nbsp;Haar programma werd een volwaardig onderdeel van haar bedrijf.<\/li>\n<\/ul>\n\n\n\n<p>Liesbeth:&nbsp;<em>\u201cDoor het ritme van 5&#215;4 bleef ik in beweging zonder mezelf te overvragen. Het gaf richting \u00e9n vertrouwen.\u201d<\/em><\/p>\n\n\n\n<h4 class=\"wp-block-heading\">Zet je persoonlijke groei letterlijk in je agenda<\/h4>\n\n\n\n<p>Weten wat je wilt is \u00e9\u00e9n ding. Maar&nbsp;<strong>je agenda laat zien waar je \u00e9cht voor kiest<\/strong>. Als iets belangrijk voor je is \u2013 of het nu gaat om zelfzorg, creativiteit, een nieuw project of een lastig gesprek \u2013 dan plan je het in.<\/p>\n\n\n\n<p><strong>Vragen om jezelf te stellen:<\/strong><\/p>\n\n\n\n<ul class=\"wp-block-list\">\n<li>Wat kan ik vandaag doen in de komende 4 uur?<\/li>\n\n\n\n<li>Welke mini-actie past bij de komende 4 dagen?<\/li>\n\n\n\n<li>Hoe maak ik ruimte in de komende 4 weken?<\/li>\n\n\n\n<li>Wat wil ik bouwen in de komende 4 maanden?<\/li>\n\n\n\n<li>Wat mag zich ontwikkelen in het komende jaar?<\/li>\n<\/ul>\n\n\n\n<blockquote class=\"wp-block-quote is-layout-flow wp-block-quote-is-layout-flow\">\n<p>\u201cJe hoeft het niet in \u00e9\u00e9n keer goed te doen. Je hoeft alleen maar aanwezig te zijn bij je keuze.\u201d<\/p>\n<\/blockquote>\n\n\n\n<h4 class=\"wp-block-heading\">Praktijkvoorbeeld 2: leiderschap in beweging brengen<\/h4>\n\n\n\n<p><strong>Erik<\/strong>, teamleider in de zorg, merkte dat zijn team vastliep. Hij voelde urgentie, maar wist niet waar te beginnen.<\/p>\n\n\n\n<p>In een sessie over\u00a0<strong>persoonlijke coaching en <a href=\"https:\/\/bennorijpkema.nl\/genz\/leiderschapsontwikkeling\/\" target=\"_blank\" rel=\"noreferrer noopener\">leiderschapsontwikkeling<\/a><\/strong>\u00a0koos hij voor het 5&#215;4 Actieplan:<\/p>\n\n\n\n<ul class=\"wp-block-list\">\n<li><strong>4 uur:<\/strong>&nbsp;Hij reflecteerde en zette zijn inzichten op papier.<\/li>\n\n\n\n<li><strong>4 dagen:<\/strong>&nbsp;Hij deelde zijn visie met een collega en vroeg om input.<\/li>\n\n\n\n<li><strong>4 weken:<\/strong>&nbsp;Hij voerde 1-op-1 gesprekken met teamleden.<\/li>\n\n\n\n<li><strong>4 maanden:<\/strong>&nbsp;Ze experimenteerden met nieuwe overlegvormen.<\/li>\n\n\n\n<li><strong>4 kwartalen:<\/strong>&nbsp;Er stond een nieuwe, gedragen teamcultuur.<\/li>\n<\/ul>\n\n\n\n<p>Erik:&nbsp;<em>\u201cIk had geen snelle oplossing nodig. Ik had een kompas nodig. Dat vond ik in deze aanpak.\u201d<\/em><\/p>\n\n\n\n<h4 class=\"wp-block-heading\">Waarom het werkt: ritme, commitment en bewustzijn<\/h4>\n\n\n\n<p>Het 5&#215;4 Actieplan:<\/p>\n\n\n\n<ul class=\"wp-block-list\">\n<li>Doorbreekt het patroon van uitstel en perfectionisme.<\/li>\n\n\n\n<li>Maakt je verantwoordelijkheid concreet.<\/li>\n\n\n\n<li>Sluit aan bij natuurlijke ritmes van verandering.<\/li>\n\n\n\n<li>Ondersteunt duurzame&nbsp;<strong>persoonlijke groei<\/strong>.<\/li>\n\n\n\n<li>Verbindt hoofd, hart en handen: denken, voelen en doen.<\/li>\n<\/ul>\n\n\n\n<blockquote class=\"wp-block-quote is-layout-flow wp-block-quote-is-layout-flow\">\n<p><em>\u201cBewuste actie is de brug tussen intentie en transformatie.\u201d<\/em><\/p>\n<\/blockquote>\n\n\n\n<h4 class=\"wp-block-heading\">Hoe start jij jouw 5&#215;4?<\/h4>\n\n\n\n<p>Neem een moment voor jezelf. Zet je telefoon op stil. Adem diep in. En stel jezelf deze vragen:<\/p>\n\n\n\n<ol class=\"wp-block-list\">\n<li>Wat wil er door mij heen tot leven komen?<\/li>\n\n\n\n<li>Wat kan ik doen in de komende 4 uur?<\/li>\n\n\n\n<li>Wat plan ik in voor de komende 4 dagen?<\/li>\n\n\n\n<li>Waar verbind ik me aan voor de komende 4 weken?<\/li>\n\n\n\n<li>Welke bedding cre\u00eber ik voor de komende 4 maanden?<\/li>\n\n\n\n<li>Wat wil ik over een jaar terugzien als vrucht van mijn commitment?<\/li>\n<\/ol>\n\n\n\n<h4 class=\"wp-block-heading\">Kom in beweging. Maar doe het zacht.<\/h4>\n\n\n\n<p>Verlangen vraagt geen haast, maar aandacht. Geen druk, maar richting. Het 5&#215;4 Actieplan geeft je houvast zonder je vast te zetten. Zacht. Concreet. Krachtig.<\/p>\n\n\n\n<p>Wil je hierin <a href=\"https:\/\/bennorijpkema.nl\/genz\/individuele-ondersteuning\/\" target=\"_blank\" rel=\"noreferrer noopener\">begeleid<\/a> worden?<br>\ud83d\udcde&nbsp;<strong><a href=\"https:\/\/calendly.com\/bennorijpkema\/intake\" target=\"_blank\" rel=\"noreferrer noopener\">Plan een gratis kennismaking in<\/a><\/strong>&nbsp;en ontdek hoe jij jouw eerste 4 uur betekenisvol kunt invullen.<\/p>\n\n\n\n<blockquote class=\"wp-block-quote is-layout-flow wp-block-quote-is-layout-flow\">\n<p><strong><em>\u201cVertragen is soms de snelste route naar impact.\u201d<\/em><\/strong><\/p>\n<\/blockquote>\n\n\n\n<p><\/p>","protected":false},"excerpt":{"rendered":"<p>\u201cIk weet wat ik wil, maar ik doe het niet.\u201dHerken je die zin? Misschien heb je een duidelijk idee, een verlangen, een visie zelfs. Maar tussen weten en doen ligt vaak een onzichtbare kloof. Een kloof van uitstel, twijfel of simpelweg:&nbsp;geen tijd. In mijn praktijk voor&nbsp;persoonlijke coaching&nbsp;hoor ik het vaak. En telkens opnieuw zie ik [&hellip;]<\/p>\n","protected":false},"author":3,"featured_media":6178,"comment_status":"closed","ping_status":"closed","sticky":false,"template":"","format":"standard","meta":{"_acf_changed":false,"wds_primary_category":29,"footnotes":""},"categories":[29],"tags":[],"class_list":["post-6175","post","type-post","status-publish","format-standard","has-post-thumbnail","hentry","category-persoonlijke-ontwikkeling"],"acf":[],"_links":{"self":[{"href":"https:\/\/bennorijpkema.nl\/genz\/wp-json\/wp\/v2\/posts\/6175","targetHints":{"allow":["GET"]}}],"collection":[{"href":"https:\/\/bennorijpkema.nl\/genz\/wp-json\/wp\/v2\/posts"}],"about":[{"href":"https:\/\/bennorijpkema.nl\/genz\/wp-json\/wp\/v2\/types\/post"}],"author":[{"embeddable":true,"href":"https:\/\/bennorijpkema.nl\/genz\/wp-json\/wp\/v2\/users\/3"}],"replies":[{"embeddable":true,"href":"https:\/\/bennorijpkema.nl\/genz\/wp-json\/wp\/v2\/comments?post=6175"}],"version-history":[{"count":0,"href":"https:\/\/bennorijpkema.nl\/genz\/wp-json\/wp\/v2\/posts\/6175\/revisions"}],"wp:featuredmedia":[{"embeddable":true,"href":"https:\/\/bennorijpkema.nl\/genz\/wp-json\/wp\/v2\/media\/6178"}],"wp:attachment":[{"href":"https:\/\/bennorijpkema.nl\/genz\/wp-json\/wp\/v2\/media?parent=6175"}],"wp:term":[{"taxonomy":"category","embeddable":true,"href":"https:\/\/bennorijpkema.nl\/genz\/wp-json\/wp\/v2\/categories?post=6175"},{"taxonomy":"post_tag","embeddable":true,"href":"https:\/\/bennorijpkema.nl\/genz\/wp-json\/wp\/v2\/tags?post=6175"}],"curies":[{"name":"wp","href":"https:\/\/api.w.org\/{rel}","templated":true}]}}