{"id":23313,"date":"2025-11-02T16:32:19","date_gmt":"2025-11-02T16:32:19","guid":{"rendered":"https:\/\/bennorijpkema.nl\/?p=23313"},"modified":"2025-12-09T08:13:10","modified_gmt":"2025-12-09T08:13:10","slug":"roep-om-bezielde-leiderschap","status":"publish","type":"post","link":"https:\/\/bennorijpkema.nl\/genz\/roep-om-bezielde-leiderschap\/","title":{"rendered":"Waarom mensen radicaliseren? Omdat niemand echt luistert."},"content":{"rendered":"<h3 class=\"wp-block-heading\"><em>Achter boosheid schuilt gemis. Achter radicalisering schuilt gemis aan leiding.<\/em><\/h3>\n\n\n\n<p>Er is iets fundamenteels mis in ons land.<br>En nee, het gaat niet alleen over immigratie. Of over huisvesting. Of over zorg, veiligheid of klimaat.<br>Dat zijn de thema\u2019s waar verkiezingsprogramma\u2019s vol mee stonden.<br>Maar het zijn <strong>symptomen<\/strong>. Uiting van iets wat dieper zit.<\/p>\n\n\n\n<p>De bestuurlijke elite, de Haagse politiek, de beleidsbureaus en de media noemen het \u2018gedoe\u2019.<br>Straatprotesten. Boze stemmen. Felle meningen. Polarisatie.&nbsp;<br>En steeds vaker ook: het opkomend extremisme. De harde taal. De nostalgie naar vroeger. De behoefte aan orde en uitsluiting (van immigranten&#8230;).<br>Soms zelfs flarden van fascisme.<\/p>\n\n\n\n<p>We reageren er technocratisch op, met regels, plannen, cijfers. <br>Maar wie zijn \u2018we\u2019? Meestal zijn dat de beleidsmakers, bestuurders, managers. <br>Degenen die op afstand proberen te fixen wat van binnenuit gevoeld wil worden.<\/p>\n\n\n\n<p>Maar er wordt niet <strong>geluisterd<\/strong>.<br>Niet \u00e9cht.<br>Niet met open hart. Niet met open ogen.<\/p>\n\n\n\n<p>En dus bouwen we beleid op afstand; jij, ik, iedereen die denkt het beter te weten.<br>Maken we keuzes zonder contact.<br>Stellen we diagnoses over mensen die we zelf nooit spreken.<\/p>\n\n\n\n<p>Maar \u2018gedoe\u2019 is vaak niets anders dan een samenleving die zegt:<\/p>\n\n\n\n<blockquote class=\"wp-block-quote is-layout-flow wp-block-quote-is-layout-flow\">\n<p><strong><em>\u201cJullie zien mij niet.\u201d<\/em><br><em>\u201cJullie luisteren niet.\u201d<\/em><br><em>\u201cJullie maken beleid over mij heen.\u201d<\/em><\/strong><\/p>\n<\/blockquote>\n\n\n\n<p>En als je mensen structureel overslaat,<br>als je ze jarenlang niet betrekt, niet erkent, niet serieus neemt,<br>dan gaan ze roepen.<\/p>\n\n\n\n<p>Eerst zacht.<br>Dan boos.<br>Dan radicaal.<\/p>\n\n\n\n<p>En dan&#8230;.. opgegeven.<\/p>\n\n\n\n<h4 class=\"wp-block-heading\">\u201cJoehoe. Wij zijn er ook nog.\u201d<\/h4>\n\n\n\n<p>Wat je nu ziet in Nederland, is geen domme woede.<br>Het is een samenleving die zich niet meer gezien voelt.<\/p>\n\n\n\n<p>De vuilnisman. De nachtzuster. De leerkracht. De schoonmaker.<br>De ondernemer die keihard werkt om zijn mensen hun loon te kunnen blijven betalen.<br>De winkelier die \u2019s avonds nog zelf de boekhouding doet.<br>De zorgverlener die zich opvreet in de bureaucratie.<br>De vrachtwagenchauffeur die files, tijdsdruk \u00e9n frustratie trotseert.<br>De jongeren die hun toekomst niet herkennen in de keuzes van vandaag.<br>De ouderen die het gevoel hebben dat ze overbodig zijn geworden.<\/p>\n\n\n\n<p><strong>Z\u00f3 veel mensen. Z\u00f3 veel stemmen. En z\u00f3 weinig echte aandacht.<\/strong><\/p>\n\n\n\n<p>En dus zeggen ze allemaal &#8211; ieder op hun eigen manier:<br><em>\u201cZie mij. Hoor mij. Betrek mij.\u201d<\/em><\/p>\n\n\n\n<p>We schrikken bij de uitslag van de verkiezingen als \u2018rechts\u2019 zo groot blijkt.<br>Maar de uitslag is niet het probleem. Het is een <strong>signaal<\/strong>.<br>Een signaal van miljoenen mensen die zeggen: <em>\u201cZie mij. Hoor mij. Betrek mij.\u201d<\/em><\/p>\n\n\n\n<blockquote class=\"wp-block-quote is-layout-flow wp-block-quote-is-layout-flow\">\n<p><strong><em>En dus willen ze nu als eersten gezien worden.<br>Niet uit haat. Maar uit honger naar bestaansrecht.<\/em><\/strong><\/p>\n<\/blockquote>\n\n\n\n<p>Er zit angst onder.<br>De angst dat <strong>anderen<\/strong> &#8211; vluchtelingen, statushouders, nieuwkomers &#8211;<br>alle aandacht, huizen en regelingen krijgen.<br>Terwijl zij, de dragende burgers van dit land, <strong>al jaren wachten op erkenning.<\/strong><\/p>\n\n\n\n<p>En dus willen ze nu als <strong>eersten<\/strong> gezien worden.<br>Niet uit haat. Maar uit honger naar bestaansrecht.<br>Want je kunt pas ruimte maken voor de ander,<br>als je zelf een plek hebt gekregen.<\/p>\n\n\n\n<p>Wat jij weerstand noemt, is misschien wel wanhoop.<br>Wat jij \u2018gedoe\u2019 noemt, is een schreeuw om erkenning.<\/p>\n\n\n\n<h4 class=\"wp-block-heading\">De ruggegraat van Nederland is geen beleidsnota<\/h4>\n\n\n\n<p>Stel je \u00e9\u00e9n dag voor zonder de mensen die het werk doen.<br>E\u00e9n dag zonder zorg.<br>E\u00e9n dag zonder logistiek.<br>E\u00e9n dag zonder afvalverwerking, schoonmaak, handhaving, onderwijs.<br><strong>Dan ligt het hele land stil.<\/strong><\/p>\n\n\n\n<p>Beleidsmakers? Die kun je missen. Soms een week.<br>Maar de mensen die nu als lastig worden weggezet,&nbsp;<br>dat zijn de dragers van onze samenleving.<\/p>\n\n\n\n<p>En ze willen maar \u00e9\u00e9n ding.<br><strong>Gezien worden.<\/strong><\/p>\n\n\n\n<h4 class=\"wp-block-heading\">Beleid zonder contact is beleid zonder ziel<\/h4>\n\n\n\n<p>We ontwerpen beleid zonder contact.<br>We bouwen systemen zonder ziel.<br>We vragen om draagvlak, maar zorgen niet voor draagkracht.<br>We vragen mensen mee te doen, terwijl we ze nergens bij betrokken hebben.<br>En dan noemen we het \u2018weerstand\u2019 als ze niet instemmen met onze plannen.<\/p>\n\n\n\n<p>Wat we zien, is geen probleem.<br>Het is een boodschap.<br>Een spiegel.<\/p>\n\n\n\n<h4 class=\"wp-block-heading\">Tijd voor bezield leiderschap<\/h4>\n\n\n\n<p>We zijn onderweg iets kwijtgeraakt.<br>In onze organisaties. In onze overheidsinstanties. In ons land.<\/p>\n\n\n\n<p>We zijn het contact kwijt met de ziel van leiderschap.<br><strong>Met bezieling.<\/strong><\/p>\n\n\n\n<p>Bezieling is niet soft.<br>Het is radicaal.<br>Het vraagt van je om te durven zien, wat je liever niet wilt voelen.<br>Achter de cijfers. Achter het gedrag. Achter de weerstand.<\/p>\n\n\n\n<p>Bezieling is:<\/p>\n\n\n\n<blockquote class=\"wp-block-quote is-layout-flow wp-block-quote-is-layout-flow\">\n<p><em>\u201c<\/em><strong><em>Ik zie jou. Niet je functie. Niet je rol. Jou.\u201d<\/em><br><em>\u201cIk luister. Niet om te reageren, maar om te begrijpen.\u201d<\/em><br><em>\u201cIk ben bereid iets van mijn zekerheid los te laten, om ruimte te maken voor wat jij weet.\u201d<\/em><\/strong><\/p>\n<\/blockquote>\n\n\n\n<h4 class=\"wp-block-heading\">Als je iemand ziet, verandert alles<\/h4>\n\n\n\n<p>Een leider die bezield kijkt, maakt ruimte.<br>Voor pijn \u00e9n potentie.<br>Voor ongemak \u00e9n groei.<br>Voor verschil \u00e9n verbinding.<\/p>\n\n\n\n<p>Bezielde leiders nemen geen controle over. Ze geven verantwoordelijkheid terug.<br>Ze bouwen geen systemen v\u00f3\u00f3r mensen, maar <strong>m\u00e9t<\/strong> mensen.<br>Ze erkennen dat niet zij de samenleving zijn, maar dat zij er ten dienste van staan.<\/p>\n\n\n\n<h6 class=\"wp-block-heading\">Misschien begint het hier wel: <br>jij en ik, die elkaar weer echt aankijken<\/h6>\n\n\n\n<p>Niet met een beleidsnota.<br>Maar met een gesprek.<\/p>\n\n\n\n<p>Tussen jou en mij. Ontdaan van oordeel. In het echt.<\/p>\n\n\n\n<p>Om te luisteren.<br>Om te voelen.<br>Om samen weer te herinneren wie we zijn.<\/p>\n\n\n\n<blockquote class=\"wp-block-quote is-layout-flow wp-block-quote-is-layout-flow\">\n<p><em><strong>Bezield leiderschap begint niet bij beleid<\/strong>,<br><strong>maar bij de moed om weer \u00e9cht te zien.<\/strong><\/em><\/p>\n<\/blockquote>\n\n\n\n<p><strong>Wat raakt je in dit verhaal?<\/strong><\/p>\n\n\n\n<p>Wat schuurt?&nbsp;<br>Wat herken je; in jezelf, in je team, in je organisatie?<\/p>\n\n\n\n<p><a href=\"https:\/\/bennorijpkema.nl\/genz\/belafspraak\/\" target=\"_blank\" rel=\"noreferrer noopener\">Voel je welkom om hierover in gesprek te gaan<\/a>.&nbsp;<\/p>\n\n\n\n<p>Geen oordeel. Geen tips.&nbsp;<br>Alleen een open gesprek.<\/p>\n\n\n\n<p><strong>Benno Rijpkema<\/strong><br><em>Facilitator van verandering&nbsp;\u00b7&nbsp;<em>Executive transformatiegids voor leiders en hun organisaties<\/em><\/em><\/p>\n\n\n\n<p><\/p>\n\n\n\n<div class=\"wp-block-media-text is-stacked-on-mobile is-vertically-aligned-top\" style=\"grid-template-columns:16% auto\"><figure class=\"wp-block-media-text__media\"><img fetchpriority=\"high\" decoding=\"async\" width=\"1024\" height=\"1024\" src=\"https:\/\/bennorijpkema.nl\/wp-content\/uploads\/2025\/05\/Benno-Rijpkema-1024x1024.png\" alt=\"\" class=\"wp-image-7652 size-full\" srcset=\"https:\/\/bennorijpkema.nl\/wp-content\/uploads\/2025\/05\/Benno-Rijpkema-1024x1024.png 1024w, https:\/\/bennorijpkema.nl\/wp-content\/uploads\/2025\/05\/Benno-Rijpkema-300x300.png 300w, https:\/\/bennorijpkema.nl\/wp-content\/uploads\/2025\/05\/Benno-Rijpkema-150x150.png 150w, https:\/\/bennorijpkema.nl\/wp-content\/uploads\/2025\/05\/Benno-Rijpkema-12x12.png 12w, https:\/\/bennorijpkema.nl\/wp-content\/uploads\/2025\/05\/Benno-Rijpkema.png 1749w\" sizes=\"(max-width: 1024px) 100vw, 1024px\" \/><\/figure><div class=\"wp-block-media-text__content\">\n<h6 class=\"wp-block-heading\"><strong><em>Over Benno Rijpkema<\/em><\/strong><\/h6>\n\n\n\n<p>Als je merkt dat het oude niet meer werkt en het nieuwe nog niet staat: dat is precies waar ik werk.<br>Ik help leiders zien wat er vastzit, loslaten wat niet meer klopt en kiezen voor een manier van leiden die w\u00e9rkt.<\/p>\n\n\n\n<p>Meer weten over hoe ik leiders en organisaties in beweging breng?<br>Lees verder over <a href=\"https:\/\/bennorijpkema.nl\/genz\/bezieldleiderschap\/\" target=\"_blank\" rel=\"noreferrer noopener\">Bezield Leiderschap<\/a>.<\/p>\n<\/div><\/div>\n\n\n\n<p><\/p>","protected":false},"excerpt":{"rendered":"<p>Achter boosheid schuilt gemis. Achter radicalisering schuilt gemis aan leiding. Er is iets fundamenteels mis in ons land.En nee, het gaat niet alleen over immigratie. Of over huisvesting. Of over zorg, veiligheid of klimaat.Dat zijn de thema\u2019s waar verkiezingsprogramma\u2019s vol mee stonden.Maar het zijn symptomen. Uiting van iets wat dieper zit. De bestuurlijke elite, de [&hellip;]<\/p>\n","protected":false},"author":3,"featured_media":23319,"comment_status":"closed","ping_status":"closed","sticky":false,"template":"","format":"standard","meta":{"_acf_changed":false,"wds_primary_category":139,"footnotes":""},"categories":[139,30],"tags":[],"class_list":["post-23313","post","type-post","status-publish","format-standard","has-post-thumbnail","hentry","category-leiderschap-2","category-transformatie-van-de-wereld"],"acf":[],"_links":{"self":[{"href":"https:\/\/bennorijpkema.nl\/genz\/wp-json\/wp\/v2\/posts\/23313","targetHints":{"allow":["GET"]}}],"collection":[{"href":"https:\/\/bennorijpkema.nl\/genz\/wp-json\/wp\/v2\/posts"}],"about":[{"href":"https:\/\/bennorijpkema.nl\/genz\/wp-json\/wp\/v2\/types\/post"}],"author":[{"embeddable":true,"href":"https:\/\/bennorijpkema.nl\/genz\/wp-json\/wp\/v2\/users\/3"}],"replies":[{"embeddable":true,"href":"https:\/\/bennorijpkema.nl\/genz\/wp-json\/wp\/v2\/comments?post=23313"}],"version-history":[{"count":0,"href":"https:\/\/bennorijpkema.nl\/genz\/wp-json\/wp\/v2\/posts\/23313\/revisions"}],"wp:featuredmedia":[{"embeddable":true,"href":"https:\/\/bennorijpkema.nl\/genz\/wp-json\/wp\/v2\/media\/23319"}],"wp:attachment":[{"href":"https:\/\/bennorijpkema.nl\/genz\/wp-json\/wp\/v2\/media?parent=23313"}],"wp:term":[{"taxonomy":"category","embeddable":true,"href":"https:\/\/bennorijpkema.nl\/genz\/wp-json\/wp\/v2\/categories?post=23313"},{"taxonomy":"post_tag","embeddable":true,"href":"https:\/\/bennorijpkema.nl\/genz\/wp-json\/wp\/v2\/tags?post=23313"}],"curies":[{"name":"wp","href":"https:\/\/api.w.org\/{rel}","templated":true}]}}